{"id":412,"date":"2015-01-27T23:35:55","date_gmt":"2015-01-27T21:35:55","guid":{"rendered":"https:\/\/www.motopraxis.at\/?p=412"},"modified":"2015-01-27T23:35:55","modified_gmt":"2015-01-27T21:35:55","slug":"schneebaelle","status":"publish","type":"post","link":"https:\/\/www.motopraxis.at\/?p=412","title":{"rendered":"Schneeb\u00e4lle"},"content":{"rendered":"<p>Es ist Montag Abend und wie meistens stelle ich die Frage in den Raum: &#8222;Was soll ich morgen bei den Senioren machen?&#8220; &#8211; &#8222;Das fragst du mich jede Woche&#8220;, ist die Antwort meines Mannes. Manchmal ist es ein Gang ins Lager, der Erleuchtung bringt, manchmal kommt die Inspiration quasi erst kurz vor dem Losfahren.<br \/>\nSo auch heute: Eigentlich hatte ich mir nachts etwas anderes \u00fcberlegt, doch als ich im Lager alles zusammensuchen wollte, fiel mir eine Schachtel mit &#8222;Schneeb\u00e4llen&#8220; in die H\u00e4nde. Da heute auch der Schulbus auf Grund der Schneelage Versp\u00e4tung hatte und sich den ganzen Morgen schon alles um das Thema Schnee gedreht hatte, erschien es mir genau das Richtige f\u00fcr die Stunde zu sein. Also, schnell eingepackt das Ganze und ab ins Auto.<\/p>\n<p>Nach dem Einparken formte ich aus dem herrlichen, frisch gefallenen Wei\u00df einen gro\u00dfen Schneeball, den ich ebenfalls mit ins Heim nahm.\u00a0 &#8211; Was soll ich nun noch sagen, es war die Sensation! \u00dcberraschte Gesichtsausdr\u00fccke, Freude, Abscheu, vorsichtiges Hineintippen, mit beiden H\u00e4nden fest dr\u00fccken, ein St\u00fcck abbrechen und werfen,&#8230; &#8222;Wie w\u00fcrden wir sonst zu echtem Schnee kommen, wenn Sie ihn uns nicht bringen w\u00fcrden!&#8220; sagte am Ende eine Dame voll Dankbarkeit.<\/p>\n<p>Die mitgebrachten Schneeb\u00e4lle bestehen aus Papiernudeln aus dem Aktenvernichter, die in Jausensackerln gef\u00fcllt sind und mit Knoten und Klebeband verschlossen sind. Bei der Schneeballschlacht kamen wir alle ordentlich ins Schwitzen und niemand wollte aufh\u00f6ren! Ich musste dann abbrechen, weil ich nicht mehr konnte!<\/p>\n<p>An dieser Stelle m\u00f6chte ich gerne Thesi Zak zitieren:<br \/>\n&#8222;Ich muss meine Stunde so gestalten, dass die Menschen wach werden, dass sie &#8222;da&#8220; sind und im Dasein &#8222;Tun.&#8220; Und das erleben k\u00f6nnen, was f\u00fcr uns alle &#8222;Lebenselexier&#8220; ist.&#8220;<br \/>\n(aus: Bewegte Begegnungsstunden f\u00fcr Menschen mit Demenz. Eisenburger\/Zak, Meyer &amp; Meyer Verlag)<\/p>\n<p>Eine wunderbare Stunde mit wundervollen Momenten!<\/p>\n<p>&nbsp;<\/p>\n<p><a href=\"https:\/\/www.motopraxis.at\/wp-content\/uploads\/2015\/01\/Schneeb\u00e4lle1.jpg\"><img loading=\"lazy\" decoding=\"async\" class=\"alignnone size-full wp-image-413\" src=\"https:\/\/www.motopraxis.at\/wp-content\/uploads\/2015\/01\/Schneeb\u00e4lle1.jpg\" alt=\"Schneeb\u00e4lle1\" width=\"231\" height=\"173\" \/><\/a> <a href=\"https:\/\/www.motopraxis.at\/wp-content\/uploads\/2015\/01\/Schneeb\u00e4lle2.jpg\"><img loading=\"lazy\" decoding=\"async\" class=\"alignnone size-medium wp-image-414\" src=\"https:\/\/www.motopraxis.at\/wp-content\/uploads\/2015\/01\/Schneeb\u00e4lle2.jpg\" alt=\"Schneeb\u00e4lle2\" width=\"231\" height=\"173\" \/><\/a> <a href=\"https:\/\/www.motopraxis.at\/wp-content\/uploads\/2015\/01\/Schneeb\u00e4lle3.jpg\"><img loading=\"lazy\" decoding=\"async\" class=\"alignnone size-medium wp-image-415\" src=\"https:\/\/www.motopraxis.at\/wp-content\/uploads\/2015\/01\/Schneeb\u00e4lle3.jpg\" alt=\"Schneeb\u00e4lle3\" width=\"231\" height=\"173\" \/><\/a> <a href=\"https:\/\/www.motopraxis.at\/wp-content\/uploads\/2015\/01\/Schneeb\u00e4lle4.jpg\"><img loading=\"lazy\" decoding=\"async\" class=\"alignnone size-medium wp-image-416\" src=\"https:\/\/www.motopraxis.at\/wp-content\/uploads\/2015\/01\/Schneeb\u00e4lle4.jpg\" alt=\"Schneeb\u00e4lle4\" width=\"231\" height=\"173\" \/><\/a>\u00a0<a href=\"https:\/\/www.motopraxis.at\/wp-content\/uploads\/2015\/01\/Schneeb\u00e4lle6.jpg\"><img loading=\"lazy\" decoding=\"async\" class=\"alignnone size-full wp-image-418\" src=\"https:\/\/www.motopraxis.at\/wp-content\/uploads\/2015\/01\/Schneeb\u00e4lle6.jpg\" alt=\"Schneeb\u00e4lle6\" width=\"231\" height=\"173\" \/><\/a> <a href=\"https:\/\/www.motopraxis.at\/wp-content\/uploads\/2015\/01\/Schneeb\u00e4lle5.jpg\"><img loading=\"lazy\" decoding=\"async\" class=\"alignnone size-full wp-image-417\" src=\"https:\/\/www.motopraxis.at\/wp-content\/uploads\/2015\/01\/Schneeb\u00e4lle5.jpg\" alt=\"Schneeb\u00e4lle5\" width=\"231\" height=\"173\" \/><\/a><\/p>\n","protected":false},"excerpt":{"rendered":"<p>Es ist Montag Abend und wie meistens stelle ich die Frage in den Raum: &#8222;Was soll ich morgen bei den Senioren machen?&#8220; &#8211; &#8222;Das fragst du mich jede Woche&#8220;, ist die Antwort meines Mannes. Manchmal ist es ein Gang ins Lager, der Erleuchtung bringt, manchmal kommt die Inspiration quasi erst kurz vor dem Losfahren. So [&hellip;]<\/p>\n","protected":false},"author":1,"featured_media":0,"comment_status":"open","ping_status":"open","sticky":false,"template":"","format":"standard","meta":{"footnotes":""},"categories":[4],"tags":[],"class_list":["post-412","post","type-post","status-publish","format-standard","hentry","category-motogeragogik"],"_links":{"self":[{"href":"https:\/\/www.motopraxis.at\/index.php?rest_route=\/wp\/v2\/posts\/412","targetHints":{"allow":["GET"]}}],"collection":[{"href":"https:\/\/www.motopraxis.at\/index.php?rest_route=\/wp\/v2\/posts"}],"about":[{"href":"https:\/\/www.motopraxis.at\/index.php?rest_route=\/wp\/v2\/types\/post"}],"author":[{"embeddable":true,"href":"https:\/\/www.motopraxis.at\/index.php?rest_route=\/wp\/v2\/users\/1"}],"replies":[{"embeddable":true,"href":"https:\/\/www.motopraxis.at\/index.php?rest_route=%2Fwp%2Fv2%2Fcomments&post=412"}],"version-history":[{"count":1,"href":"https:\/\/www.motopraxis.at\/index.php?rest_route=\/wp\/v2\/posts\/412\/revisions"}],"predecessor-version":[{"id":419,"href":"https:\/\/www.motopraxis.at\/index.php?rest_route=\/wp\/v2\/posts\/412\/revisions\/419"}],"wp:attachment":[{"href":"https:\/\/www.motopraxis.at\/index.php?rest_route=%2Fwp%2Fv2%2Fmedia&parent=412"}],"wp:term":[{"taxonomy":"category","embeddable":true,"href":"https:\/\/www.motopraxis.at\/index.php?rest_route=%2Fwp%2Fv2%2Fcategories&post=412"},{"taxonomy":"post_tag","embeddable":true,"href":"https:\/\/www.motopraxis.at\/index.php?rest_route=%2Fwp%2Fv2%2Ftags&post=412"}],"curies":[{"name":"wp","href":"https:\/\/api.w.org\/{rel}","templated":true}]}}